{"id":829,"date":"2025-07-15T13:42:00","date_gmt":"2025-07-15T11:42:00","guid":{"rendered":"http:\/\/kulturverein-inzing.com\/?p=829"},"modified":"2025-09-26T13:48:28","modified_gmt":"2025-09-26T11:48:28","slug":"wrap-up-food-art-2025","status":"publish","type":"post","link":"http:\/\/kulturverein-inzing.com\/?p=829","title":{"rendered":"Wrap-up Food &amp; Art 2025"},"content":{"rendered":"\n<p>It was a blast :-) Danke an alle Besucher- und Helfer:innen beim zweiten Food &amp; Art Festival &#8211; wir hatten alle eine Menge Spa\u00df!<\/p>\n\n\n\n<p>Hier ein paar Eindr\u00fccke vom Festival, an dieser Stelle auch nochmal ausdr\u00fccklich einen gro\u00dfen Dank an all die K\u00fcnstler:innen, egal ob auf der B\u00fchne, im Atelier oder der K\u00fcche.<br><a href=\"https:\/\/blog.dorfzeitung-inzing.at\/?p=20784\">https:\/\/blog.dorfzeitung-inzing.at\/?p=20784<\/a><\/p>\n\n\n\n<p>Wir haben schon viel Feedback eingeholt und planen schon f\u00fcr eine Neuauflage 2026&#8230;<\/p>\n\n\n\n<p><\/p>\n","protected":false},"excerpt":{"rendered":"<p>It was a blast :-) Danke an alle Besucher- und Helfer:innen beim zweiten Food &amp; Art Festival &#8211; wir hatten alle eine Menge Spa\u00df! Hier ein paar Eindr\u00fccke vom Festival, an dieser Stelle auch nochmal ausdr\u00fccklich einen gro\u00dfen Dank an all die K\u00fcnstler:innen, egal ob auf der B\u00fchne, im Atelier oder der K\u00fcche.https:\/\/blog.dorfzeitung-inzing.at\/?p=20784 Wir haben &hellip; <a href=\"http:\/\/kulturverein-inzing.com\/?p=829\" class=\"more-link\"><span class=\"screen-reader-text\">\u201eWrap-up Food &amp; Art 2025\u201c <\/span>weiterlesen<\/a><\/p>\n","protected":false},"author":2,"featured_media":0,"comment_status":"closed","ping_status":"closed","sticky":false,"template":"","format":"standard","meta":{"footnotes":""},"categories":[27,8],"tags":[29,32,30,33,35,17,31,40,18],"class_list":["post-829","post","type-post","status-publish","format-standard","hentry","category-food-art","category-veranstaltung","tag-art-2","tag-festival-2","tag-food-2","tag-foodart","tag-konzert","tag-kultur","tag-live-musik-2","tag-programm","tag-veranstaltung"],"_links":{"self":[{"href":"http:\/\/kulturverein-inzing.com\/index.php?rest_route=\/wp\/v2\/posts\/829","targetHints":{"allow":["GET"]}}],"collection":[{"href":"http:\/\/kulturverein-inzing.com\/index.php?rest_route=\/wp\/v2\/posts"}],"about":[{"href":"http:\/\/kulturverein-inzing.com\/index.php?rest_route=\/wp\/v2\/types\/post"}],"author":[{"embeddable":true,"href":"http:\/\/kulturverein-inzing.com\/index.php?rest_route=\/wp\/v2\/users\/2"}],"replies":[{"embeddable":true,"href":"http:\/\/kulturverein-inzing.com\/index.php?rest_route=%2Fwp%2Fv2%2Fcomments&post=829"}],"version-history":[{"count":1,"href":"http:\/\/kulturverein-inzing.com\/index.php?rest_route=\/wp\/v2\/posts\/829\/revisions"}],"predecessor-version":[{"id":830,"href":"http:\/\/kulturverein-inzing.com\/index.php?rest_route=\/wp\/v2\/posts\/829\/revisions\/830"}],"wp:attachment":[{"href":"http:\/\/kulturverein-inzing.com\/index.php?rest_route=%2Fwp%2Fv2%2Fmedia&parent=829"}],"wp:term":[{"taxonomy":"category","embeddable":true,"href":"http:\/\/kulturverein-inzing.com\/index.php?rest_route=%2Fwp%2Fv2%2Fcategories&post=829"},{"taxonomy":"post_tag","embeddable":true,"href":"http:\/\/kulturverein-inzing.com\/index.php?rest_route=%2Fwp%2Fv2%2Ftags&post=829"}],"curies":[{"name":"wp","href":"https:\/\/api.w.org\/{rel}","templated":true}]}}