{"id":555,"date":"2017-05-12T11:11:51","date_gmt":"2017-05-12T09:11:51","guid":{"rendered":"http:\/\/kulturverein-inzing.com\/?p=555"},"modified":"2017-05-12T11:11:31","modified_gmt":"2017-05-12T09:11:31","slug":"dos-and-donts-im-arabischen-raum-ein-vortrag-mit-diskussion","status":"publish","type":"post","link":"http:\/\/kulturverein-inzing.com\/?p=555","title":{"rendered":"Dos and Don\u2019ts im Arabischen Raum \u2013 Ein Vortrag mit Diskussion"},"content":{"rendered":"<p>Vortrag: Dr. Adel El Sayed<\/p>\n<p>Moderation: Mag. Michael Haupt (Initiative Minderheiten)<\/p>\n<p>\u00dcber Missverst\u00e4ndnisse in der Begegnung<br \/>\nzwischen AraberInnen und Europ\u00e4erInnen<\/p>\n<pre>Mittwoch, 31. Mai 2017\r\n20 Uhr\r\nVolksschule Inzing\r\nM\u00fchlweg 12<\/pre>\n<p>Mit den gro\u00dfen Fluchtbewegungen seit Mitte 2015 sind vor allem Menschen aus dem arabischen Raum nach Europa gekommen. Doch was wissen wir \u00fcber die erlernten und g\u00e4ngigen Verhaltensmuster etwa in Syrien oder dem Irak? Der Vortrag von Adel el Sayed ist ein Versuch diese Verhaltensmuster zu beschreiben und erkl\u00e4ren, um so Missverst\u00e4ndnissen entgegenzuwirken, die h\u00e4ufig Grundlage von Vorurteilen werden. In der anschlie\u00dfenden Diskussion kann und soll \u00fcber eigene Erfahrungen gesprochen werden.<\/p>\n<p>Dr. Adel El Sayed ist 1953 in Alexandria (\u00c4gypten) geboren und lebt seit 1981 in Innsbruck. Studium der Politikwissenschaft, P\u00e4dagogik, Spanischen Literatur sowie Zeitgeschichte an der Universit\u00e4t Innsbruck. Publikationen und Vortr\u00e4ge \u00fcber Religion und Gesellschaft im Nahen Osten, Pal\u00e4stina\/Israel sowie \u00fcber Bruno Kreisky im arabischen Raum. Lektor an verschiedenen Instituten der Universit\u00e4t Innsbruck (Politikwissenschaft, Sprachwissenschaft, ISI). Obmann der (ISG) Innsbrucker Sprachwissenschaftlichen Gesellschaft. Aktivist bei der Friedens-, Erneuerungs-, Reformbewegung im arabischen Raum.<\/p>\n<p>Eine Veranstaltung von Haus der Begegnung und Initiative Minderheiten in Kooperation mit Freundeskreis Fl\u00fcchtlinge Inzing, Pfarre Inzing und Verein f\u00fcr Kultur Inzing.<\/p>\n<p><a href=\"http:\/\/kulturverein-inzing.com\/wp-content\/uploads\/2017\/05\/flyer_dos_and_donts_inzing_final.pdf\"><img loading=\"lazy\" decoding=\"async\" class=\"wp-image-532\" src=\"http:\/\/kulturverein-inzing.com\/wp-content\/uploads\/2017\/05\/pdf-icon-png-17-300x300.png\" alt=\"\" width=\"49\" height=\"49\" srcset=\"http:\/\/kulturverein-inzing.com\/wp-content\/uploads\/2017\/05\/pdf-icon-png-17-300x300.png 300w, http:\/\/kulturverein-inzing.com\/wp-content\/uploads\/2017\/05\/pdf-icon-png-17-150x150.png 150w, http:\/\/kulturverein-inzing.com\/wp-content\/uploads\/2017\/05\/pdf-icon-png-17.png 512w\" sizes=\"auto, (max-width: 49px) 85vw, 49px\" \/><\/a><\/p>\n<p>Flyer Dos and Don&#8217;ts<\/p>\n","protected":false},"excerpt":{"rendered":"<p>Vortrag: Dr. Adel El Sayed Moderation: Mag. Michael Haupt (Initiative Minderheiten) \u00dcber Missverst\u00e4ndnisse in der Begegnung zwischen AraberInnen und Europ\u00e4erInnen Mittwoch, 31. Mai 2017 20 Uhr Volksschule Inzing M\u00fchlweg 12 Mit den gro\u00dfen Fluchtbewegungen seit Mitte 2015 sind vor allem Menschen aus dem arabischen Raum nach Europa gekommen. Doch was wissen wir \u00fcber die erlernten &hellip; <a href=\"http:\/\/kulturverein-inzing.com\/?p=555\" class=\"more-link\"><span class=\"screen-reader-text\">\u201eDos and Don\u2019ts im Arabischen Raum \u2013 Ein Vortrag mit Diskussion\u201c <\/span>weiterlesen<\/a><\/p>\n","protected":false},"author":3,"featured_media":0,"comment_status":"closed","ping_status":"closed","sticky":false,"template":"","format":"standard","meta":{"footnotes":""},"categories":[1],"tags":[],"class_list":["post-555","post","type-post","status-publish","format-standard","hentry","category-allgemein"],"_links":{"self":[{"href":"http:\/\/kulturverein-inzing.com\/index.php?rest_route=\/wp\/v2\/posts\/555","targetHints":{"allow":["GET"]}}],"collection":[{"href":"http:\/\/kulturverein-inzing.com\/index.php?rest_route=\/wp\/v2\/posts"}],"about":[{"href":"http:\/\/kulturverein-inzing.com\/index.php?rest_route=\/wp\/v2\/types\/post"}],"author":[{"embeddable":true,"href":"http:\/\/kulturverein-inzing.com\/index.php?rest_route=\/wp\/v2\/users\/3"}],"replies":[{"embeddable":true,"href":"http:\/\/kulturverein-inzing.com\/index.php?rest_route=%2Fwp%2Fv2%2Fcomments&post=555"}],"version-history":[{"count":4,"href":"http:\/\/kulturverein-inzing.com\/index.php?rest_route=\/wp\/v2\/posts\/555\/revisions"}],"predecessor-version":[{"id":559,"href":"http:\/\/kulturverein-inzing.com\/index.php?rest_route=\/wp\/v2\/posts\/555\/revisions\/559"}],"wp:attachment":[{"href":"http:\/\/kulturverein-inzing.com\/index.php?rest_route=%2Fwp%2Fv2%2Fmedia&parent=555"}],"wp:term":[{"taxonomy":"category","embeddable":true,"href":"http:\/\/kulturverein-inzing.com\/index.php?rest_route=%2Fwp%2Fv2%2Fcategories&post=555"},{"taxonomy":"post_tag","embeddable":true,"href":"http:\/\/kulturverein-inzing.com\/index.php?rest_route=%2Fwp%2Fv2%2Ftags&post=555"}],"curies":[{"name":"wp","href":"https:\/\/api.w.org\/{rel}","templated":true}]}}